{"id":1839,"date":"2012-12-04T07:04:26","date_gmt":"2012-12-04T05:04:26","guid":{"rendered":"http:\/\/veesuel.fr\/?p=1839"},"modified":"2014-08-15T00:48:53","modified_gmt":"2014-08-14T22:48:53","slug":"papillons-au-soleil-levant-sac-a-main","status":"publish","type":"post","link":"https:\/\/veesuel.fr\/?p=1839","title":{"rendered":"Papillons au soleil levant &#8211; Sac \u00e0 main"},"content":{"rendered":"<p>Les fringues et les chaussures, bof, je ne suis pas accro comme certains.<br \/>\nLes sacs \u00e0 main, par contre&#8230; J&#8217;ai beaucoup de mal \u00e0 r\u00e9sister \u00e0 un beau sac, d&#8217;ailleurs, je n&#8217;y r\u00e9siste pas.<br \/>\nMon cher\u00e9tendre sait parfaitement quand il vaut mieux changer de trottoir lorsqu&#8217;on se ballade en ville.<br \/>\nC&#8217;est pourquoi lorsqu&#8217;on nous a propos\u00e9 le challenge ayant pour th\u00e8me &#8220;Sac \u00e0 main&#8221; je n&#8217;ai pas h\u00e9sit\u00e9 longtemps (<a title=\"Parole de p\u00e2te\" href=\"http:\/\/paroledepate.canalblog.com\/\" target=\"_blank\">sur le blog Parole de p\u00e2te<\/a> les diverses cr\u00e9ations r\u00e9alis\u00e9es lors de ce challenge)<br \/>\nDe plus, cette fois-ci, il ne s&#8217;agissait pas de r\u00e9aliser un objet ou un bijou ayant pour sujet le sac \u00e0 main mais bien un <strong>vrai sac<\/strong>, un que l&#8217;on puisse utiliser, de taille &#8220;normale&#8221;.<\/p>\n<p><!--more--><\/p>\n<p>Il y a beaucoup de sacs mythiques que j&#8217;adore mais l&#8217;un d&#8217;eux particuli\u00e8rement : le sac <strong>Pagodon<\/strong> de la marque <strong>Kenzo<\/strong>. Cr\u00e9\u00e9 en 1998 par Antonio Marras, directeur artistique chez Kenzo, il adopte la forme d&#8217;un seau avec une anse arrondie. Il s&#8217;inspirerait des petits paniers en osier qu&#8217;arborent les japonaises lors de c\u00e9r\u00e9monies traditionnelles. Le sac existait au d\u00e9part en 2 tailles mais la grande a \u00e9t\u00e9 arr\u00eat\u00e9e et ne subsiste plus aujourd&#8217;hui que la &#8220;petite&#8221;.<\/p>\n<p style=\"text-align: center;\"><img loading=\"lazy\" decoding=\"async\" class=\"aligncenter size-full wp-image-1878\" title=\"Sacs Pagodon de Kenzo\" src=\"http:\/\/veesuel.fr\/wp-content\/uploads\/bags-plain.jpg\" alt=\"\u00a9Kenzo\" width=\"532\" height=\"277\" srcset=\"https:\/\/veesuel.fr\/wp-content\/uploads\/bags-plain.jpg 532w, https:\/\/veesuel.fr\/wp-content\/uploads\/bags-plain-300x156.jpg 300w\" sizes=\"auto, (max-width: 532px) 100vw, 532px\" \/><em>Sacs Pagodon unis \u00a9 Kenzo<br \/>\nSur la photo ci-dessous on aper\u00e7oit la forme l\u00e9g\u00e8rement oblongue du corps du sac.<\/em><\/p>\n<p style=\"text-align: center;\"><img loading=\"lazy\" decoding=\"async\" class=\"aligncenter size-full wp-image-1973\" title=\"Sacs Pagodon \u00a9Kenzo\" src=\"http:\/\/veesuel.fr\/wp-content\/uploads\/323_c460881c1.jpg\" alt=\"\" width=\"343\" height=\"343\" srcset=\"https:\/\/veesuel.fr\/wp-content\/uploads\/323_c460881c1.jpg 343w, https:\/\/veesuel.fr\/wp-content\/uploads\/323_c460881c1-150x150.jpg 150w, https:\/\/veesuel.fr\/wp-content\/uploads\/323_c460881c1-300x300.jpg 300w\" sizes=\"auto, (max-width: 343px) 100vw, 343px\" \/><\/p>\n<p>Comme je l&#8217;ai d\u00e9j\u00e0 expliqu\u00e9 dans <a title=\"Papillons au soleil levant \u2013 Bracelet\" href=\"http:\/\/veesuel.fr\/?p=1846\" target=\"_blank\">cet article<\/a>, je suis une grande amoureuse des motifs traditionnels japonais. Ce challenge m&#8217;a donc permis de rendre un hommage au Japon \u00e0 la fois gr\u00e2ce \u00e0 la forme du sac Pagodon mais \u00e9galement \u00e0 travers les ornements typiques du pays du soleil levant.<\/p>\n<p style=\"text-align: center;\">J&#8217;ai pris le temps de faire quelques photos lors de la fabrication. Vous trouverez donc ci-dessous une sorte<br \/>\nde reportage illustr\u00e9 dans lequel j&#8217;explique les diff\u00e9rentes \u00e9tapes.<br \/>\nCependant si vous souhaitez uniquement voir les photos du sac termin\u00e9, elles sont tout en bas<br \/>\n<span style=\"font-size: 14px;\"><strong>Et comme d&#8217;habitude vous pouvez cliquer sur les images pour les voir en grande taille<\/strong>.<\/span><\/p>\n<p style=\"text-align: center;\"><span style=\"font-size: 12pt;\"><strong>Il vous suffit de cliquer sur les titres en rose pour afficher les articles.<\/strong><\/span><br \/>\n<span style=\"font-size: 12pt;\"><strong> Cliquez \u00e0 nouveau sur les titres pour masquer.<\/strong><\/span><\/p>\n<p style=\"text-align: center;\"><span style=\"color: #ff99cc;\"><a class=\"aj-collapse\" rel=\"forme\"><span style=\"color: #bd7196;\"><strong>Forme et pr\u00e9paration<\/strong><\/span><\/a><\/span><\/p>\n<div id=\"forme\" class=\"aj-hidden\">\n<p>D\u00e8s le d\u00e9part l&#8217;affaire \u00e9tait compliqu\u00e9e car le sac Pagodon a une forme inhabituelle : un c\u00f4ne tronqu\u00e9 \u00e0 l&#8217;ouverture pas vraiment ronde mais plut\u00f4t oblongue. Je souhaitais garder la forme et les dimensions exactes du sac. Un peu de g\u00e9om\u00e9trie avec cher\u00e9tendre, puis de d\u00e9coupage et j&#8217;avais un gabarit en carton pour travailler. Le corps du sac \u00e0 plat se pr\u00e9sentait sous la forme d&#8217;une section de demi-cercle (voir photo) Le montage de la forme du sac a \u00e9t\u00e9 l&#8217;occasion d&#8217;une bonne prise de t\u00eate : comment faire tenir ces bouts de cartons ensemble alors que la colle ne collait pas ? C&#8217;est \u00e0 ce stade que j&#8217;ai failli abandonner, ne parvenant pas \u00e0 maintenir la forme l\u00e9g\u00e8rement oblongue du sac. Finalement, quelques jours plus tard j&#8217;ai pens\u00e9 au papier gomm\u00e9 pour assembler le tout et, apr\u00e8s s\u00e9chage du carton humidifi\u00e9, j&#8217;avais enfin ma forme de seau impeccable.<\/p>\n<p style=\"text-align: center;\"><a href=\"http:\/\/veesuel.fr\/wp-content\/uploads\/gabarit1.jpg\" rel=\"lightbox[1839]\"><img loading=\"lazy\" decoding=\"async\" class=\"aligncenter  wp-image-1915\" title=\"Gabarit papier et carton d\u00e9coup\u00e9\" src=\"http:\/\/veesuel.fr\/wp-content\/uploads\/gabarit1.jpg\" alt=\"\" width=\"407\" height=\"332\" srcset=\"https:\/\/veesuel.fr\/wp-content\/uploads\/gabarit1.jpg 679w, https:\/\/veesuel.fr\/wp-content\/uploads\/gabarit1-300x244.jpg 300w\" sizes=\"auto, (max-width: 407px) 100vw, 407px\" \/><\/a><em>Dessous le gabarit trac\u00e9 sur papier, on en voit ici la moiti\u00e9,<br \/>\ndessus le carton l\u00e9ger dans lequel j&#8217;ai d\u00e9coup\u00e9 le gabarit du corps du sac.<\/em><\/p>\n<p>Puis il a fallu choisir parmi diverses possibilit\u00e9s de motifs. J&#8217;ai finalement opt\u00e9 pour les papillons et le sakura (fleurs de cerisier) apr\u00e8s avoir h\u00e9sit\u00e9 avec carpes Ko\u00ef, grues et autres motifs.<br \/>\nJ&#8217;ai commenc\u00e9 par r\u00e9aliser un Mokume Gane dans diff\u00e9rents tons de bleu car je voulais situer la sc\u00e8ne sur un ciel matinal d&#8217;un beau bleu lumineux que je pensais, au d\u00e9part, r\u00e9aliser enti\u00e8rement en Mokume. Pour donner un aspect encore plus japonais \u00e0 ce ciel, j&#8217;ai r\u00e9alis\u00e9 une canne &#8220;onde&#8221;, un motif que l&#8217;on trouve souvent sur les papiers japonais.<br \/>\n\u00c0 partir de la couleur du ciel, j&#8217;ai fabriqu\u00e9 5 couleurs qui m&#8217;ont ensuite servies \u00e0 cr\u00e9er mes cannes : un rose fuchsia, un beige, un rouge cramoisi, un bleu turquoise et un bleu canard, couleurs auxquelles est venu s&#8217;ajouter l&#8217;or.<br \/>\nEnfin, j&#8217;ai fabriqu\u00e9 mes cannes :<br \/>\n&#8211; la canne fleur de cerisier est r\u00e9alis\u00e9e dans des tons de beige, de rose tr\u00e8s doux obtenu \u00e0 partir du fuchsia cit\u00e9 plus haut et or. J&#8217;ai \u00e9vit\u00e9 le blanc pour les p\u00e9tales de fleur car je voulais une couleur douce, moins contrastante que le blanc.\u00a0 La fleur est un mix entre <a title=\"tuto fleur de cerisier Cristalline\" href=\"http:\/\/www.creations-cristalline.fr\/tuto-fimo-8pages\/1141-tuto-fimo-cannes.html\" target=\"_blank\">la fleur de cerisier de Cristalline<\/a> et un mod\u00e8le de Donna Kato.<br \/>\n&#8211; les 2 cannes papillons diff\u00e9rentes, dont le dessin est sorti directement de ma t\u00eate utilisent tous les tons cit\u00e9s plus haut. Cela a \u00e9t\u00e9 le gros morceau \u00e0 faire car chaque aile est compos\u00e9e d&#8217;une soixantaine de parties, des cannes cibles d\u00e9grad\u00e9es, des cibles dans des cibles, des d\u00e9grad\u00e9s lin\u00e9aires allong\u00e9s&#8230; 2 soir\u00e9es compl\u00e8tes de travail soit une dizaine d&#8217;heures pour la fabrication, le comblement avec la p\u00e2te transparente et la r\u00e9duction.<\/p>\n<p style=\"text-align: center;\"><a href=\"http:\/\/veesuel.fr\/wp-content\/uploads\/papiers.jpg\" rel=\"lightbox[1839]\"><img loading=\"lazy\" decoding=\"async\" class=\"aligncenter  wp-image-1918\" title=\"Diff\u00e9rents papiers traditionnels japonais\" src=\"http:\/\/veesuel.fr\/wp-content\/uploads\/papiers.jpg\" alt=\"\" width=\"450\" height=\"340\" srcset=\"https:\/\/veesuel.fr\/wp-content\/uploads\/papiers.jpg 750w, https:\/\/veesuel.fr\/wp-content\/uploads\/papiers-300x226.jpg 300w\" sizes=\"auto, (max-width: 450px) 100vw, 450px\" \/><\/a><em>Diff\u00e9rents mod\u00e8les de fleurs de cerisiers, des grues et des motifs g\u00e9om\u00e9triques<br \/>\ntypiques de l&#8217;art graphique japonais.<\/em><\/p>\n<\/div>\n<p style=\"text-align: center;\"><a class=\"aj-collapse\" rel=\"essais\"><span style=\"color: #bd7196;\"><strong>Essais<\/strong><\/span><\/a><\/p>\n<div id=\"essais\" class=\"aj-hidden\">J&#8217;ai fait un premier essai sur une petite plaque de 16 x 11 cm, cr\u00e9ant un ciel en Mokume orn\u00e9 de tranches de la canne onde sur lequel sont venus se poser branches et fleurs de cerisiers puis les papillons. J&#8217;y avais \u00e9galement ajout\u00e9 un soleil levant, en demi-cercle sur l&#8217;horizon, compos\u00e9 d&#8217;une base d&#8217;un orange lumineux recouvert d&#8217;un craquel\u00e9 or pour simuler l&#8217;\u00e9clat de l&#8217;astre au levant. Je n&#8217;ai pas cherch\u00e9 \u00e0 composer une belle image, je souhaitais juste tester les cannes, voir comment fonctionnaient le Mokume et le soleil.<br \/>\nApr\u00e8s cuisson et pon\u00e7age de la plaque d&#8217;essai, j&#8217;ai chang\u00e9 d&#8217;avis sur la r\u00e9alisation du ciel. Je trouvais le &#8220;tout Mokume&#8221; bien trop charg\u00e9 pour la surface plut\u00f4t importante d&#8217;un sac \u00e0 main. J&#8217;ai alors d\u00e9cid\u00e9 de m\u00ealer p\u00e2te unie de couleur bleu ciel iris\u00e9, Mokume et canne onde. J&#8217;ai aussi chang\u00e9 ma m\u00e9thode de r\u00e9alisation des branches en cr\u00e9ant une canne Starry night zigzag selon la m\u00e9thode de Donna Kato. Enfin, peu convaincue par le soleil, je l&#8217;ai supprim\u00e9.<\/p>\n<p style=\"text-align: center;\"><a href=\"http:\/\/veesuel.fr\/wp-content\/uploads\/plaque_essai1.jpg\" rel=\"lightbox[1839]\"><img loading=\"lazy\" decoding=\"async\" class=\"aligncenter  wp-image-1930\" title=\"La premi\u00e8re plaque d'essai\" src=\"http:\/\/veesuel.fr\/wp-content\/uploads\/plaque_essai1.jpg\" alt=\"\" width=\"462\" height=\"321\" srcset=\"https:\/\/veesuel.fr\/wp-content\/uploads\/plaque_essai1.jpg 660w, https:\/\/veesuel.fr\/wp-content\/uploads\/plaque_essai1-300x208.jpg 300w\" sizes=\"auto, (max-width: 462px) 100vw, 462px\" \/><\/a><em>Aucun effort de composition pour ce premier essai<br \/>\nqui me servait juste \u00e0 voir les couleurs et effets apr\u00e8s cuisson.<br \/>\nOn ne voit pas du tout sur cette photo l&#8217;effet de craquel\u00e9 or sur le soleil.<\/em><\/p>\n<p>Un deuxi\u00e8me essai sous la forme d&#8217;un large bracelet (que vous avez vu <a title=\"Papillons au soleil levant \u2013 Bracelet\" href=\"http:\/\/veesuel.fr\/?p=1846\" target=\"_blank\">ici<\/a>) a confirm\u00e9 mes choix. J&#8217;ai aussi remarqu\u00e9 que les raccords entre les diff\u00e9rents morceaux de la p\u00e2te bleue qui composent le ciel cr\u00e9aient un surprenant\u00a0effet de verre craquel\u00e9 qui me plaisait beaucoup.<\/p>\n<p style=\"text-align: center;\"><a href=\"http:\/\/veesuel.fr\/wp-content\/uploads\/papillons_bracelet_4.jpg\" rel=\"lightbox[1839]\"><img loading=\"lazy\" decoding=\"async\" class=\"aligncenter  wp-image-1929\" title=\"Bracelet - Papillons au soleil levant\" src=\"http:\/\/veesuel.fr\/wp-content\/uploads\/papillons_bracelet_4.jpg\" alt=\"\" width=\"301\" height=\"281\" srcset=\"https:\/\/veesuel.fr\/wp-content\/uploads\/papillons_bracelet_4.jpg 430w, https:\/\/veesuel.fr\/wp-content\/uploads\/papillons_bracelet_4-300x279.jpg 300w\" sizes=\"auto, (max-width: 301px) 100vw, 301px\" \/><\/a><em>Je fais un deuxi\u00e8me essai sous la forme d&#8217;un bracelet,<br \/>\nl\u00e0, je prends soin de composer mon d\u00e9cor et de soigner les d\u00e9tails<\/em><\/p>\n<\/div>\n<p style=\"text-align: center;\"><a class=\"aj-collapse\" rel=\"plaque\"><span style=\"color: #bd7196;\"><strong>La plaque du corps du sac<\/strong><\/span><\/a><\/p>\n<div id=\"plaque\" class=\"aj-hidden\">\n<p>Et me voici lanc\u00e9e dans la fabrication de la tr\u00e8s grande plaque qui devait habiller le corps du sac (dimensions : 61 cm \u00e0 la base, 51 cm au sommet et 19 cm de hauteur) Sur un fond blanc d&#8217;\u00e9paisseur plut\u00f4t fine, j&#8217;ai d&#8217;abord r\u00e9alis\u00e9 le ciel m\u00ealant des &#8220;t\u00e2ches&#8221; de Mokume et la p\u00e2te bleu ciel uni et liss\u00e9 le tout une premi\u00e8re fois. La fabrication du fond s&#8217;est faite sur 3 soir\u00e9es car la plaque \u00e9tait vraiment grande et je tenais \u00e0 ce que les &#8220;joints&#8221; entre les diff\u00e9rentes parties soient bien liss\u00e9 et invisibles. J&#8217;ai donc pris mon temps. J&#8217;ai recommenc\u00e9 une partie du travail apr\u00e8s avoir constat\u00e9 une diff\u00e9rence de couleur&#8230; qui finalement n&#8217;en \u00e9tait pas une. 300 gr de p\u00e2te et quelques heures de boulot pour rien, mais bon, quand on aime on ne compte pas. Screugneugneu !<\/p>\n<p style=\"text-align: center;\"><a href=\"http:\/\/veesuel.fr\/wp-content\/uploads\/plaque_branches.jpg\" rel=\"lightbox[1839]\"><img loading=\"lazy\" decoding=\"async\" class=\"aligncenter  wp-image-1894\" title=\"La plaque de p\u00e2te - Fond ciel termin\u00e9, ajout des branches de cerisier\" src=\"http:\/\/veesuel.fr\/wp-content\/uploads\/plaque_branches.jpg\" alt=\"\" width=\"557\" height=\"317\" srcset=\"https:\/\/veesuel.fr\/wp-content\/uploads\/plaque_branches.jpg 929w, https:\/\/veesuel.fr\/wp-content\/uploads\/plaque_branches-300x170.jpg 300w\" sizes=\"auto, (max-width: 557px) 100vw, 557px\" \/><\/a><em>Centre de la plaque &#8211; Le ciel (et ses &#8220;nuages&#8221; en mokume) est termin\u00e9 et liss\u00e9.<br \/>\nJ&#8217;ajoute les tranches de canne onde et commence \u00e0 composer les cerisier en posant les branches.<\/em><\/p>\n<p>Ensuite, j&#8217;ai ajout\u00e9 des tranches de la cane onde puis les branches de cerisiers auxquelles j&#8217;ai essay\u00e9 de donner des formes naturelles et esth\u00e9tiques tout en pensant au raccord qui devait se faire sur un c\u00f4t\u00e9 du sac.\u00a0 Une fois les branches positionn\u00e9es sont venues les fleurs, dans 3 tailles diff\u00e9rentes. J&#8217;ai fortement all\u00e9g\u00e9 la quantit\u00e9 de branches et de fleurs par rapport \u00e0 ce que j&#8217;avais fait sur bracelet. Je trouvais plus \u00e9l\u00e9gant de laisser une plus grande place au ciel sur le sac. Puis un nouveau lissage pour fondre ces tranches dans le fond de ciel, en essayant de pr\u00e9server la finesse des motifs (pas toujours facile&#8230;)<\/p>\n<p style=\"text-align: center;\"><a href=\"http:\/\/veesuel.fr\/wp-content\/uploads\/plaque_fleurs.jpg\" rel=\"lightbox[1839]\"><img loading=\"lazy\" decoding=\"async\" class=\"aligncenter  wp-image-1899\" title=\"La plaque de p\u00e2te - Pose des fleurs de cerisier\" src=\"http:\/\/veesuel.fr\/wp-content\/uploads\/plaque_fleurs.jpg\" alt=\"\" width=\"557\" height=\"326\" srcset=\"https:\/\/veesuel.fr\/wp-content\/uploads\/plaque_fleurs.jpg 929w, https:\/\/veesuel.fr\/wp-content\/uploads\/plaque_fleurs-300x175.jpg 300w\" sizes=\"auto, (max-width: 557px) 100vw, 557px\" \/><\/a><em>Centre de la plaque, un des c\u00f4t\u00e9 du futur sac &#8211; Les fleurs sont pos\u00e9es et la plaque est \u00e0 nouveau liss\u00e9e.<br \/>\nOn ne le voit pas ici, mais j&#8217;ai \u00e9galement pos\u00e9 des cerisiers \u00e0 chaque bout de la plaque<br \/>\nqui devront se joindre parfaitement sur l&#8217;autre c\u00f4t\u00e9 du sac.<\/em><\/p>\n<p>Enfin, j&#8217;ajoute les papillons. Je les place sur des morceaux de papier sulfuris\u00e9 pour les positionner sur la plaque et leur trouver un emplacement id\u00e9al. J&#8217;avais 3 tailles de chaque papillon mais n&#8217;en ait finalement utilis\u00e9 que 2, \u00e0 nouveau ce souci de ne pas charger trop le d\u00e9cor. Les papillons d\u00e9finitivement plac\u00e9s re\u00e7oivent au final leurs antennes faites de boudins d&#8217;une extr\u00eame finesse roul\u00e9s \u00e0 la main (m\u00eame le disque le plus petit du clay-gun est encore trop \u00e9pais) Troisi\u00e8me lissage, la plaque commence \u00e0 \u00eatre bien uniforme apr\u00e8s tout ces coups de rouleaux.<br \/>\nLe travail sur la plaque s&#8217;est au final \u00e9tendu sur 5 soir\u00e9es (soit \u00e0 peu pr\u00e8s 15 heures de boulot)<\/p>\n<p style=\"text-align: center;\"><a href=\"http:\/\/veesuel.fr\/wp-content\/uploads\/cannes.jpg\" rel=\"lightbox[1839]\"><img loading=\"lazy\" decoding=\"async\" class=\"aligncenter  wp-image-1936\" title=\"Cannes et autre mat\u00e9riel\" src=\"http:\/\/veesuel.fr\/wp-content\/uploads\/cannes.jpg\" alt=\"\" width=\"497\" height=\"337\" srcset=\"https:\/\/veesuel.fr\/wp-content\/uploads\/cannes.jpg 829w, https:\/\/veesuel.fr\/wp-content\/uploads\/cannes-300x203.jpg 300w\" sizes=\"auto, (max-width: 497px) 100vw, 497px\" \/><\/a><em>Une partie des cannes utilis\u00e9es, 2 papillons pr\u00eats \u00e0 \u00eatre pos\u00e9s,<br \/>\ndes morceaux de branches taill\u00e9s dans la canne Starry night, le mokume, la p\u00e2te bleue du ciel&#8230;<\/em><\/p>\n<\/div>\n<p style=\"text-align: center;\"><a class=\"aj-collapse\" rel=\"pose\"><span style=\"color: #bd7196;\"><strong>Application de la plaque sur le gabarit<\/strong><\/span><\/a><\/p>\n<div id=\"pose\" class=\"aj-hidden\">Pendant ce temps, je peins en blanc le gabarit en carton. J&#8217;ai peur que la couleur grise\/marron du carton ait une influence sur les couleur de ma plaque en partie compos\u00e9e de p\u00e2te transparente. Donc, pas de prise de risque inutile, je peinturlure !<br \/>\nApr\u00e8s quelques jours de repos vient le grand moment de l&#8217;application de la plaque d\u00e9cor\u00e9e sur le carton. J&#8217;enduis le carton d&#8217;une couche g\u00e9n\u00e9reuse de Bake and Bond de Sculpey l\u00e9g\u00e8rement allong\u00e9e \u00e0 l&#8217;ac\u00e9tone afin que le produit p\u00e9n\u00e8tre le carton l\u00e9ger.<br \/>\nJe commence par le fond du sac, une plaque de forme ovale, r\u00e9alis\u00e9e juste avant, vient habiller le dessous. On n&#8217;y trouve que le ciel, je n&#8217;ai pas voulu le d\u00e9corer de papillons ou fleurs. Je coupe l&#8217;exc\u00e9dent sur les bords et lisse ceux-ci.<br \/>\nMaintenant, le corps : la grande plaque a repos\u00e9 plusieurs jours entre 2 couches de papier sulfuris\u00e9, elle est beaucoup moins souple et maniable que tout de suite apr\u00e8s sa fabrication. Il faut donc la r\u00e9-assouplir. Pour cela cher\u00e9tendre met des chiffon \u00e0 chauffer sur le po\u00eble \u00e0 bois (c&#8217;est son domaine le po\u00eble !) qui sont ensuite gliss\u00e9s sous la plaque pour la r\u00e9chauffer en douceur.<br \/>\nPuis tr\u00e8s tr\u00e8s prudemment on d\u00e9colle le papier sulfuris\u00e9 et applique la plaque sur le gabarit en carton. Je lisse au fur et \u00e0 mesure avec un rouleau pour \u00e9viter les bulles. Le gabarit papier ayant \u00e9t\u00e9 parfaitement calcul\u00e9, la plaque tombe impeccablement sur le sac. Une petite d\u00e9coupe au niveau du joint sur le c\u00f4t\u00e9 et mes branches de cerisier se raccordent \u00e0 la perfection. Ce dont je ne suis pas peu fi\u00e8re ! \ud83d\ude42<\/p>\n<p style=\"text-align: center;\"><a href=\"http:\/\/veesuel.fr\/wp-content\/uploads\/pose_plaque_detail1.jpg\" rel=\"lightbox[1839]\"><img loading=\"lazy\" decoding=\"async\" class=\"aligncenter  wp-image-1946\" title=\"Pose du liseret vieil or\" src=\"http:\/\/veesuel.fr\/wp-content\/uploads\/pose_plaque_detail1.jpg\" alt=\"\" width=\"450\" height=\"340\" srcset=\"https:\/\/veesuel.fr\/wp-content\/uploads\/pose_plaque_detail1.jpg 750w, https:\/\/veesuel.fr\/wp-content\/uploads\/pose_plaque_detail1-300x226.jpg 300w\" sizes=\"auto, (max-width: 450px) 100vw, 450px\" \/><\/a><em>Les plaques de p\u00e2te crue de dessous et du corps sont appliqu\u00e9es sur le gabarit en carton.<br \/>\nPas de photos de l&#8217;op\u00e9ration car j&#8217;\u00e9tais vraiment concentr\u00e9e pour ne pas d\u00e9chirer la plaque.<br \/>\nIci, je parach\u00e8ve le travail en ajoutant un liser\u00e9 vieil or sur le raccord sous le sac.<\/em><\/p>\n<p>Il m&#8217;aura fallu 3 bonnes heures pour appliquer la p\u00e2te sur le sac, fignoler l&#8217;application de la plaque, ajuster les bords, d\u00e9couper les exc\u00e9dents, r\u00e9aliser un filet or qui vient recouvrir les joints dessous, les bordures et la corni\u00e8re \u00e0 l&#8217;int\u00e9rieur du sac sur laquelle reposera le couvercle. Je lisse \u00e0 nouveau (c&#8217;est une obsession, je sais), je r\u00e9pare quelques accidents (trous malencontreux faits en manipulant l&#8217;objet, petits morceaux de p\u00e2tes malvenus s&#8217;\u00e9tant coll\u00e9s ici ou l\u00e0, etc.)<br \/>\nEnfin je cr\u00e9e en p\u00e2te polym\u00e8re les attaches m\u00e9talliques sur lesquelles viendra se fixer l&#8217;anse ainsi que les petits plots \u00e0 placer sous le sac.<\/p>\n<\/div>\n<p style=\"text-align: center;\"><a class=\"aj-collapse\" rel=\"cuisson\"><span style=\"color: #bd7196;\"><strong>Cuisson et pon\u00e7age<\/strong><\/span><\/a><\/p>\n<div id=\"cuisson\" class=\"aj-hidden\">Et c&#8217;est parti pour la cuisson ! Je flippe un peu, je dois le reconna\u00eetre. Je m&#8217;inqui\u00e8te de savoir si la p\u00e2te va bien tenir partout sur le carton, si la forme oblongue va r\u00e9sister \u00e0 la chaleur et ne pas se transformer en cercle, si, si, si&#8230;<br \/>\n30 mn plus tard, je sors le monstre pour le tremper avec pr\u00e9caution dans l&#8217;eau glac\u00e9e. Je fais tourner le sac tout doucement dans l&#8217;eau pour \u00e9viter que celle-ci n&#8217;entre dans le corps du sac et trempe le carton \u00e0 nu \u00e0 l&#8217;int\u00e9rieur. Quelques minutes plus tard, je suis rassur\u00e9e, c&#8217;est beau, le carton a r\u00e9sist\u00e9 \u00e0 la chaleur, la p\u00e2te a gard\u00e9 la forme voulue, tout va bien ! Yehaaaa !!<\/p>\n<p style=\"text-align: center;\"><a href=\"http:\/\/veesuel.fr\/wp-content\/uploads\/poncage1.jpg\" rel=\"lightbox[1839]\"><img loading=\"lazy\" decoding=\"async\" class=\"aligncenter  wp-image-1945\" title=\"D\u00e9but du pon\u00e7age \u00e0 l'eau\" src=\"http:\/\/veesuel.fr\/wp-content\/uploads\/poncage1.jpg\" alt=\"\" width=\"400\" height=\"340\" srcset=\"https:\/\/veesuel.fr\/wp-content\/uploads\/poncage1.jpg 667w, https:\/\/veesuel.fr\/wp-content\/uploads\/poncage1-300x255.jpg 300w\" sizes=\"auto, (max-width: 400px) 100vw, 400px\" \/><\/a><em>Pon\u00e7age du corps du sac au papier \u00e0 l&#8217;eau.<\/em><\/p>\n<p>Et me voil\u00e0 ensuite les mains dans l&#8217;eau pour quelques heures de pon\u00e7age. Je calcule que je dois poncer l&#8217;\u00e9quivalent de 11 bracelets esclave ! Heureusement j&#8217;adore poncer et, l\u00e0, il va falloir \u00eatre motiv\u00e9e car je commence par du 240 puis passe par du 500 et ensuite les grains Micromesh 1500, 1800, 2400, 3200 et 4000. Je m&#8217;arme ensuite de ma fid\u00e8le Dremel pour polir avec des rondelles de jean faites maison, comme d&#8217;habitude. Vu la surface \u00e0 polir j&#8217;y passe encore quelques heures et change 4 fois mes rondelles qui s&#8217;usent trop vite.<\/p>\n<p style=\"text-align: center;\"><a href=\"http:\/\/veesuel.fr\/wp-content\/uploads\/polissage.jpg\" rel=\"lightbox[1839]\"><img loading=\"lazy\" decoding=\"async\" class=\"aligncenter  wp-image-1948\" title=\"Polissage\" src=\"http:\/\/veesuel.fr\/wp-content\/uploads\/polissage.jpg\" alt=\"\" width=\"450\" height=\"340\" srcset=\"https:\/\/veesuel.fr\/wp-content\/uploads\/polissage.jpg 750w, https:\/\/veesuel.fr\/wp-content\/uploads\/polissage-300x226.jpg 300w\" sizes=\"auto, (max-width: 450px) 100vw, 450px\" \/><\/a><em>Rondelles de jean tomb\u00e9es au champ d&#8217;honneur.<br \/>\nMais le sac brille brille apr\u00e8s 2 bonnes heures de polissage.<\/em><\/p>\n<\/div>\n<p style=\"text-align: center;\"><a class=\"aj-collapse\" rel=\"couvercle\"><span style=\"color: #bd7196;\"><strong>R\u00e9alisation du couvercle et de l&#8217;anse, habillage et derniers montages<\/strong><\/span><\/a><\/p>\n<div id=\"couvercle\" class=\"aj-hidden\">Il faut \u00e0 pr\u00e9sent s&#8217;occuper du couvercle du sac. Car si les sacs Pagodon originaux sont doubl\u00e9s de soie et se ferment comme une bourse par un joli lacet, le mien sera &#8220;tout&#8221; polym\u00e8re et aura un couvercle.<br \/>\nMaintenant que le corps du sac est termin\u00e9 je peux prendre les mesures exactes du futur couvercle et d\u00e9couper un gabarit en carton sur lequel viendra se poser la plaque de p\u00e2te et le &#8220;bouton&#8221; qui servira de poign\u00e9e. La difficult\u00e9 dans cette \u00e9tape est de r\u00e9aliser un couvercle qui s&#8217;adapte bien au creux m\u00e9nag\u00e9 pour lui dans le corps.<\/p>\n<p style=\"text-align: center;\"><a href=\"http:\/\/veesuel.fr\/wp-content\/uploads\/couvercle1.jpg\" rel=\"lightbox[1839]\"><img loading=\"lazy\" decoding=\"async\" class=\"aligncenter  wp-image-1983\" title=\"couvercle\" src=\"http:\/\/veesuel.fr\/wp-content\/uploads\/couvercle1.jpg\" alt=\"\" width=\"371\" height=\"397\" srcset=\"https:\/\/veesuel.fr\/wp-content\/uploads\/couvercle1.jpg 530w, https:\/\/veesuel.fr\/wp-content\/uploads\/couvercle1-280x300.jpg 280w\" sizes=\"auto, (max-width: 371px) 100vw, 371px\" \/><\/a><em>La plaque de p\u00e2te pour le couvercle est termin\u00e9e.<br \/>\nAu-dessus le carton qui recevra la plaque, il est d\u00e9coup\u00e9 pile poil au format de l&#8217;ouverture du sac.<\/em><\/p>\n<p>Comme pour le corps du sac, j&#8217;encolle le carton avec de la Bake and Bond de Sculpey, dilu\u00e9e \u00e0 l&#8217;ac\u00e9tone, afin d&#8217;assurer une bonne prise de la p\u00e2te sur le cartonnage. Puis j&#8217;applique ma plaque et la lisse bien. Je coupe l&#8217;exc\u00e9dent de p\u00e2te sur les bords et termine par un filet sur tout le tour.<\/p>\n<p style=\"text-align: center;\"><a href=\"http:\/\/veesuel.fr\/wp-content\/uploads\/filet_couvercle.jpg\" rel=\"lightbox[1839]\"><img loading=\"lazy\" decoding=\"async\" class=\"aligncenter  wp-image-1964\" title=\"Pose du filet sur le couvercle\" src=\"http:\/\/veesuel.fr\/wp-content\/uploads\/filet_couvercle.jpg\" alt=\"\" width=\"450\" height=\"340\" srcset=\"https:\/\/veesuel.fr\/wp-content\/uploads\/filet_couvercle.jpg 750w, https:\/\/veesuel.fr\/wp-content\/uploads\/filet_couvercle-300x226.jpg 300w\" sizes=\"auto, (max-width: 450px) 100vw, 450px\" \/><\/a><br \/>\n<em>Je pose un filet vieil or comme sur le corps du sac.<br \/>\nEn le pon\u00e7ant je pourrais ajuster parfaitement le couvercle \u00e0 l&#8217;ouverture du sac.<br \/>\nInutile de me signaler que mes ongles sont affreux. Je le sais ! \ud83d\ude42<\/em><\/p>\n<p>Je mod\u00e8le ensuite l&#8217;anse du sac avec de la p\u00e2te Ultra light de Sculpey dans laquelle j&#8217;ai gliss\u00e9 un fil de cuivre pour la solidit\u00e9. J&#8217;utilise cette p\u00e2te pour all\u00e9ger au maximum le sac mais aussi parce qu&#8217;elle est tr\u00e8s a\u00e9r\u00e9e et reste tr\u00e8s souple apr\u00e8s cuisson. Je pourrai ainsi la former comme je le d\u00e9sire. Puis couvercle, galet et anse partent au four.<\/p>\n<p style=\"text-align: center;\"><a href=\"http:\/\/veesuel.fr\/wp-content\/uploads\/anse-light.jpg\" rel=\"lightbox[1839]\"><img loading=\"lazy\" decoding=\"async\" class=\"aligncenter size-full wp-image-1966\" title=\"L'anse en p\u00e2te Ultra light\" src=\"http:\/\/veesuel.fr\/wp-content\/uploads\/anse-light.jpg\" alt=\"\" width=\"392\" height=\"390\" srcset=\"https:\/\/veesuel.fr\/wp-content\/uploads\/anse-light.jpg 392w, https:\/\/veesuel.fr\/wp-content\/uploads\/anse-light-150x150.jpg 150w, https:\/\/veesuel.fr\/wp-content\/uploads\/anse-light-300x298.jpg 300w\" sizes=\"auto, (max-width: 392px) 100vw, 392px\" \/><\/a><br \/>\n<em>L&#8217;anse est form\u00e9e en p\u00e2te Ultra light.<br \/>\nJe ne pousse pas trop loin le souci de la perfection car le pon\u00e7age permettra d&#8217;affiner la forme.<\/em><\/p>\n<p>Une fois cuit, le couvercle est ponc\u00e9 puis poli.\u00a0 D&#8217;autre part, je fabrique le &#8220;bouton&#8221; qui servira de poign\u00e9e et sera plac\u00e9 au centre du couvercle et le &#8220;bouton&#8221; qui permettra de maintenir le couvercle ferm\u00e9.<br \/>\nJe m&#8217;occupe ensuite de l&#8217;anse. J&#8217;ai cr\u00e9e la couleur de p\u00e2te marron tr\u00e8s fonc\u00e9 imitant le cuir qui couvrira celle-ci. Apr\u00e8s avoir retaill\u00e9 et ponc\u00e9 la p\u00e2te Ultra light de l&#8217;anse pour l&#8217;affiner et lui donner la forme id\u00e9ale, j&#8217;enroule mon &#8220;fil&#8221; de p\u00e2te fait au clay-gun (rondelle petit demi-cercle) autour de la forme. L&#8217;op\u00e9ration n&#8217;est pas facile, il faut \u00eatre r\u00e9gulier sans d\u00e9former la p\u00e2te d\u00e9j\u00e0 pos\u00e9e mais aussi n\u00e9gocier la partie coud\u00e9e, pr\u00e9voir des encoches pour cacher le bouts des boucles qui seront coll\u00e9es apr\u00e8s cuisson&#8230; Heureusement, le zhom ch\u00e9ri me donne un coup de main car je perds parfois patience.<\/p>\n<p style=\"text-align: center;\"><a href=\"http:\/\/veesuel.fr\/wp-content\/uploads\/anse_pate.jpg\" rel=\"lightbox[1839]\"><img loading=\"lazy\" decoding=\"async\" class=\"aligncenter  wp-image-1987\" title=\"Pose de la p\u00e2te &quot;cuir&quot; sur l'anse\" src=\"http:\/\/veesuel.fr\/wp-content\/uploads\/anse_pate.jpg\" alt=\"\" width=\"395\" height=\"361\" srcset=\"https:\/\/veesuel.fr\/wp-content\/uploads\/anse_pate.jpg 564w, https:\/\/veesuel.fr\/wp-content\/uploads\/anse_pate-300x273.jpg 300w\" sizes=\"auto, (max-width: 395px) 100vw, 395px\" \/><\/a><br \/>\n<em>De longs fils de p\u00e2te marron fonc\u00e9 sont enroul\u00e9s autour de la forme de l&#8217;anse.<br \/>\nJe les poncerai apr\u00e8s cuisson pour affiner la forme.<\/em><\/p>\n<p>Boutons et anse partent au four pendant que je redore les filets vieil or du sac ainsi que les attaches m\u00e9talliques et les plots pour le dessous du sac en les peignant au pinceau. Je les patine \u00e9galement avec de l&#8217;acrylique pour leur donner un aspect vieilli.<br \/>\nPuisque mon couvercle est (presque) termin\u00e9, je peux le fixer sur le sac. J&#8217;ai achet\u00e9 il y a quelques temps du tissu adh\u00e9sif de la marque Toga et c&#8217;est avec \u00e7a que je cr\u00e9e la patte qui permet l&#8217;ouverture du couvercle en retenant celui-ci. J&#8217;habille ensuite l&#8217;int\u00e9rieur du sac : le fond et le dessous du couvercle avec un tissu bleu ciel \u00e0 pois et les parois du sac avec un lin ros\u00e9. Bien s\u00fbr tout ceci me prend un certain temps puisqu&#8217;il faut que je coupe les feuilles de tissu selon le gabarit en demi-cercle du sac, que j&#8217;applique tout \u00e7a sans plis&#8230; Encore un truc pas simple.<\/p>\n<p style=\"text-align: center;\"><a href=\"http:\/\/veesuel.fr\/wp-content\/uploads\/habillage_inerieur.jpg\" rel=\"lightbox[1839]\"><img loading=\"lazy\" decoding=\"async\" class=\"aligncenter  wp-image-1988\" title=\"Habillage de l'int\u00e9rieur du sac\" src=\"http:\/\/veesuel.fr\/wp-content\/uploads\/habillage_inerieur.jpg\" alt=\"\" width=\"525\" height=\"397\" srcset=\"https:\/\/veesuel.fr\/wp-content\/uploads\/habillage_inerieur.jpg 750w, https:\/\/veesuel.fr\/wp-content\/uploads\/habillage_inerieur-300x226.jpg 300w\" sizes=\"auto, (max-width: 525px) 100vw, 525px\" \/><\/a><br \/>\n<em>Habillage de l&#8217;int\u00e9rieur du sac avec le tissu adh\u00e9sif Dailylike de la marque Toga.<br \/>\nIl est super pratique, peut-\u00eatre coll\u00e9 simplement puisque adh\u00e9sif,<br \/>\nmais aussi thermocoll\u00e9 au fer \u00e0 repasser ou surpiqu\u00e9.<\/em><\/p>\n<p>Les boutons et l&#8217;anse sont cuits. Nouvelle s\u00e9ance de pon\u00e7age et de polissage. Je passe une couche de vernis mat sur l&#8217;anse. Je colle mes attaches m\u00e9talliques et les plots sur le sac avec une colle bi-composant et je monte l&#8217;anse dont je ferme les boucles que je colle \u00e9galement.<br \/>\nLe bouton &#8220;poign\u00e9e&#8221; du couvercle est fix\u00e9. Je perce pour installer le syst\u00e8me de fermeture du couvercle compos\u00e9 de cordon vieil or et du dernier bouton.<br \/>\nEt je crois bien que c&#8217;est fini !<br \/>\nApr\u00e8s que la colle ait bien s\u00e9ch\u00e9, je p\u00e8se mon sac : 627 gr contre 427 gr pour le Pagodon de Kenzo. Port\u00e9 le sac a un poids tout \u00e0 fait agr\u00e9able.<br \/>\nJe profite de mon &#8220;\u0153uvre&#8221;, pos\u00e9e sur mon bureau, en attendant de le tester pour de vrai et je dois dire que je l&#8217;aime beaucoup.\n<\/p><\/div>\n<p style=\"text-align: center;\"><span style=\"color: #7bb4bf;\"><strong><span style=\"font-size: 16px;\">Quelques images du sac termin\u00e9<\/span><\/strong><\/span><\/p>\n<p style=\"text-align: center;\"><a href=\"http:\/\/veesuel.fr\/wp-content\/uploads\/sac_seul1.jpg\" rel=\"lightbox[1839]\"><img loading=\"lazy\" decoding=\"async\" class=\"aligncenter wp-image-2048 size-full\" src=\"http:\/\/veesuel.fr\/wp-content\/uploads\/sac_seul1.jpg\" alt=\"Sac Papillons au soleil levant 1\" width=\"514\" height=\"734\" srcset=\"https:\/\/veesuel.fr\/wp-content\/uploads\/sac_seul1.jpg 514w, https:\/\/veesuel.fr\/wp-content\/uploads\/sac_seul1-210x300.jpg 210w\" sizes=\"auto, (max-width: 514px) 100vw, 514px\" \/><\/a><br \/>\n<a href=\"http:\/\/veesuel.fr\/wp-content\/uploads\/sac_seul2.jpg\" rel=\"lightbox[1839]\"><img loading=\"lazy\" decoding=\"async\" class=\"aligncenter size-full wp-image-2049\" src=\"http:\/\/veesuel.fr\/wp-content\/uploads\/sac_seul2.jpg\" alt=\"Sac Papillons au soleil levant 2\" width=\"514\" height=\"734\" srcset=\"https:\/\/veesuel.fr\/wp-content\/uploads\/sac_seul2.jpg 514w, https:\/\/veesuel.fr\/wp-content\/uploads\/sac_seul2-210x300.jpg 210w\" sizes=\"auto, (max-width: 514px) 100vw, 514px\" \/><\/a><br \/>\n<a href=\"http:\/\/veesuel.fr\/wp-content\/uploads\/sac_seul3.jpg\" rel=\"lightbox[1839]\"><img loading=\"lazy\" decoding=\"async\" class=\"aligncenter size-full wp-image-2050\" src=\"http:\/\/veesuel.fr\/wp-content\/uploads\/sac_seul3.jpg\" alt=\"Sac Papillons au soleil levant 3\" width=\"514\" height=\"734\" srcset=\"https:\/\/veesuel.fr\/wp-content\/uploads\/sac_seul3.jpg 514w, https:\/\/veesuel.fr\/wp-content\/uploads\/sac_seul3-210x300.jpg 210w\" sizes=\"auto, (max-width: 514px) 100vw, 514px\" \/><\/a><br \/>\n<a href=\"http:\/\/veesuel.fr\/wp-content\/uploads\/sac_seul4.jpg\" rel=\"lightbox[1839]\"><img loading=\"lazy\" decoding=\"async\" class=\"aligncenter size-full wp-image-2051\" src=\"http:\/\/veesuel.fr\/wp-content\/uploads\/sac_seul4.jpg\" alt=\"Sac Papillons au soleil levant 4\" width=\"514\" height=\"734\" srcset=\"https:\/\/veesuel.fr\/wp-content\/uploads\/sac_seul4.jpg 514w, https:\/\/veesuel.fr\/wp-content\/uploads\/sac_seul4-210x300.jpg 210w\" sizes=\"auto, (max-width: 514px) 100vw, 514px\" \/><\/a><span style=\"color: #7bb4bf;\"><strong><span style=\"font-size: 16px;\">Et quelques photos suppl\u00e9mentaires pour les d\u00e9tails<\/span><\/strong><\/span><\/p>\n<p style=\"text-align: center;\">Le couvercle et ses boutons<\/p>\n<p style=\"text-align: center;\"><a href=\"http:\/\/veesuel.fr\/wp-content\/uploads\/detail_sac.jpg\" rel=\"lightbox[1839]\"><img loading=\"lazy\" decoding=\"async\" class=\"aligncenter  wp-image-2001\" title=\"D\u00e9tails du couvercle\" src=\"http:\/\/veesuel.fr\/wp-content\/uploads\/detail_sac.jpg\" alt=\"\" width=\"396\" height=\"329\" srcset=\"https:\/\/veesuel.fr\/wp-content\/uploads\/detail_sac.jpg 566w, https:\/\/veesuel.fr\/wp-content\/uploads\/detail_sac-300x249.jpg 300w\" sizes=\"auto, (max-width: 396px) 100vw, 396px\" \/><\/a>L&#8217;int\u00e9rieur doubl\u00e9 de tissu<\/p>\n<p style=\"text-align: center;\"><a href=\"http:\/\/veesuel.fr\/wp-content\/uploads\/interieur_sac.jpg\" rel=\"lightbox[1839]\"><img loading=\"lazy\" decoding=\"async\" class=\"aligncenter  wp-image-2002\" title=\"Int\u00e9rieur du sac\" src=\"http:\/\/veesuel.fr\/wp-content\/uploads\/interieur_sac.jpg\" alt=\"\" width=\"405\" height=\"475\" srcset=\"https:\/\/veesuel.fr\/wp-content\/uploads\/interieur_sac.jpg 579w, https:\/\/veesuel.fr\/wp-content\/uploads\/interieur_sac-256x300.jpg 256w\" sizes=\"auto, (max-width: 405px) 100vw, 405px\" \/><\/a>Le fond du sac et ses petits plots<\/p>\n<p style=\"text-align: center;\"><a href=\"http:\/\/veesuel.fr\/wp-content\/uploads\/dessous.jpg\" rel=\"lightbox[1839]\"><img loading=\"lazy\" decoding=\"async\" class=\"aligncenter  wp-image-2003\" title=\"Le fond du sac et ses petits plots\" src=\"http:\/\/veesuel.fr\/wp-content\/uploads\/dessous.jpg\" alt=\"\" width=\"466\" height=\"402\" srcset=\"https:\/\/veesuel.fr\/wp-content\/uploads\/dessous.jpg 666w, https:\/\/veesuel.fr\/wp-content\/uploads\/dessous-300x258.jpg 300w\" sizes=\"auto, (max-width: 466px) 100vw, 466px\" \/><\/a>Le sac \u00e0 la main pour donner une id\u00e9e de ses dimensions<\/p>\n<p style=\"text-align: center;\"><a href=\"http:\/\/veesuel.fr\/wp-content\/uploads\/main_sac.jpg\" rel=\"lightbox[1839]\"><img loading=\"lazy\" decoding=\"async\" class=\"aligncenter  wp-image-2004\" title=\"Sac port\u00e9\" src=\"http:\/\/veesuel.fr\/wp-content\/uploads\/main_sac.jpg\" alt=\"\" width=\"405\" height=\"564\" srcset=\"https:\/\/veesuel.fr\/wp-content\/uploads\/main_sac.jpg 579w, https:\/\/veesuel.fr\/wp-content\/uploads\/main_sac-215x300.jpg 215w\" sizes=\"auto, (max-width: 405px) 100vw, 405px\" \/><\/a><\/p>\n<p>&nbsp;<\/p>\n","protected":false},"excerpt":{"rendered":"<p> [&hellip;]<\/p>\n","protected":false},"author":1,"featured_media":3699,"comment_status":"open","ping_status":"open","sticky":false,"template":"","format":"standard","meta":{"_s2mail":"yes","footnotes":""},"categories":[165],"tags":[192,171,173,175,176,170,174],"class_list":["post-1839","post","type-post","status-publish","format-standard","has-post-thumbnail","hentry","category-objets-et-deco","tag-challenge","tag-fleurs-de-cerisier","tag-japon","tag-kenzo","tag-pagodon","tag-papillons","tag-sac-a-main"],"_links":{"self":[{"href":"https:\/\/veesuel.fr\/index.php?rest_route=\/wp\/v2\/posts\/1839","targetHints":{"allow":["GET"]}}],"collection":[{"href":"https:\/\/veesuel.fr\/index.php?rest_route=\/wp\/v2\/posts"}],"about":[{"href":"https:\/\/veesuel.fr\/index.php?rest_route=\/wp\/v2\/types\/post"}],"author":[{"embeddable":true,"href":"https:\/\/veesuel.fr\/index.php?rest_route=\/wp\/v2\/users\/1"}],"replies":[{"embeddable":true,"href":"https:\/\/veesuel.fr\/index.php?rest_route=%2Fwp%2Fv2%2Fcomments&post=1839"}],"version-history":[{"count":207,"href":"https:\/\/veesuel.fr\/index.php?rest_route=\/wp\/v2\/posts\/1839\/revisions"}],"predecessor-version":[{"id":3788,"href":"https:\/\/veesuel.fr\/index.php?rest_route=\/wp\/v2\/posts\/1839\/revisions\/3788"}],"wp:featuredmedia":[{"embeddable":true,"href":"https:\/\/veesuel.fr\/index.php?rest_route=\/wp\/v2\/media\/3699"}],"wp:attachment":[{"href":"https:\/\/veesuel.fr\/index.php?rest_route=%2Fwp%2Fv2%2Fmedia&parent=1839"}],"wp:term":[{"taxonomy":"category","embeddable":true,"href":"https:\/\/veesuel.fr\/index.php?rest_route=%2Fwp%2Fv2%2Fcategories&post=1839"},{"taxonomy":"post_tag","embeddable":true,"href":"https:\/\/veesuel.fr\/index.php?rest_route=%2Fwp%2Fv2%2Ftags&post=1839"}],"curies":[{"name":"wp","href":"https:\/\/api.w.org\/{rel}","templated":true}]}}