{"id":482,"date":"2012-03-12T16:30:11","date_gmt":"2012-03-12T15:30:11","guid":{"rendered":"http:\/\/veesuel.fr\/?p=482"},"modified":"2014-08-14T22:43:04","modified_gmt":"2014-08-14T20:43:04","slug":"gaudi","status":"publish","type":"post","link":"https:\/\/veesuel.fr\/?p=482","title":{"rendered":"Gaud\u00ed"},"content":{"rendered":"<p>Un bracelet, pour changer, tout polym\u00e8re, compos\u00e9 de perles r\u00e9alis\u00e9es avec <a title=\"Clay-gun\" href=\"http:\/\/veesuel.fr\/?p=372\">une canne &#8220;Klimt&#8221;<\/a> autour desquelles s&#8217;intercalent des perles aplaties turquoises.<br \/>\n<!--more-->Les tons plut\u00f4t vifs, jaune, turquoise, orange me font penser aux couleurs catalanes de Gaud\u00ed \u00e0 Barcelone.<br \/>\nMont\u00e9 sur de la corde \u00e0 piano (une id\u00e9e lumineuse de mon tch\u00e9ri d&#8217;am\u00fbr) le bracelet garde sa forme arrondie et glisse joliment sur le poignet.<br \/>\nOn a irr\u00e9sistiblement envie de faire tourner ces perles color\u00e9es pour les regarder sous toutes les coutures.<br \/>\nJe les adore !<\/p>\n<p style=\"text-align: center;\"><a href=\"http:\/\/veesuel.fr\/wp-content\/uploads\/gaudi_fili.jpg\" target=\"_blank\" rel=\"lightbox[482]\"><img loading=\"lazy\" decoding=\"async\" class=\"aligncenter  wp-image-508\" title=\"Bracelet Gaud\u00ed\" src=\"http:\/\/veesuel.fr\/wp-content\/uploads\/gaudi_fili.jpg\" alt=\"\" width=\"681\" height=\"412\" srcset=\"https:\/\/veesuel.fr\/wp-content\/uploads\/gaudi_fili.jpg 973w, https:\/\/veesuel.fr\/wp-content\/uploads\/gaudi_fili-300x181.jpg 300w\" sizes=\"auto, (max-width: 681px) 100vw, 681px\" \/><\/a><\/p>\n","protected":false},"excerpt":{"rendered":"<p> [&hellip;]<\/p>\n","protected":false},"author":1,"featured_media":3647,"comment_status":"open","ping_status":"open","sticky":false,"template":"","format":"standard","meta":{"_s2mail":"","footnotes":""},"categories":[230],"tags":[73,72,75,16,74,43],"class_list":["post-482","post","type-post","status-publish","format-standard","has-post-thumbnail","hentry","category-bijoux","tag-bracelet","tag-jaune","tag-klimt","tag-orange","tag-perle-ronde","tag-turquoise"],"_links":{"self":[{"href":"https:\/\/veesuel.fr\/index.php?rest_route=\/wp\/v2\/posts\/482","targetHints":{"allow":["GET"]}}],"collection":[{"href":"https:\/\/veesuel.fr\/index.php?rest_route=\/wp\/v2\/posts"}],"about":[{"href":"https:\/\/veesuel.fr\/index.php?rest_route=\/wp\/v2\/types\/post"}],"author":[{"embeddable":true,"href":"https:\/\/veesuel.fr\/index.php?rest_route=\/wp\/v2\/users\/1"}],"replies":[{"embeddable":true,"href":"https:\/\/veesuel.fr\/index.php?rest_route=%2Fwp%2Fv2%2Fcomments&post=482"}],"version-history":[{"count":22,"href":"https:\/\/veesuel.fr\/index.php?rest_route=\/wp\/v2\/posts\/482\/revisions"}],"predecessor-version":[{"id":3648,"href":"https:\/\/veesuel.fr\/index.php?rest_route=\/wp\/v2\/posts\/482\/revisions\/3648"}],"wp:featuredmedia":[{"embeddable":true,"href":"https:\/\/veesuel.fr\/index.php?rest_route=\/wp\/v2\/media\/3647"}],"wp:attachment":[{"href":"https:\/\/veesuel.fr\/index.php?rest_route=%2Fwp%2Fv2%2Fmedia&parent=482"}],"wp:term":[{"taxonomy":"category","embeddable":true,"href":"https:\/\/veesuel.fr\/index.php?rest_route=%2Fwp%2Fv2%2Fcategories&post=482"},{"taxonomy":"post_tag","embeddable":true,"href":"https:\/\/veesuel.fr\/index.php?rest_route=%2Fwp%2Fv2%2Ftags&post=482"}],"curies":[{"name":"wp","href":"https:\/\/api.w.org\/{rel}","templated":true}]}}